{"id":6519,"date":"2014-12-13T10:00:01","date_gmt":"2014-12-13T13:00:01","guid":{"rendered":"http:\/\/www.trocandofraldas.com.br\/?p=6519"},"modified":"2025-07-16T08:00:10","modified_gmt":"2025-07-16T11:00:10","slug":"sinequias-vaginales-saber-si-hija","status":"publish","type":"post","link":"https:\/\/www.famivita.com.br\/conteudo\/es\/sinequias-vaginales-saber-si-hija\/","title":{"rendered":"Sin\u00e9quias vaginales \u2013 \u00bfC\u00f3mo saber si mi hija las tiene?"},"content":{"rendered":"<p class=\"align-justify\">La sinequia vaginal<a class=\"jumpToggle\" data-jumpto=\"source1\"><sup>1<\/sup><\/a> es una peque\u00f1a adherencia en los labios menores, y aunque parezca incre\u00edble, es un hecho frecuente que afecta en promedio al 5% de las ni\u00f1as de entre 3 meses y 10 a\u00f1os de edad. Normalmente la propia madre, durante los cambios de pa\u00f1al, nota que hay algo diferente en los genitales, pero tambi\u00e9n puede ser detectado en las consultas rutinarias con el pediatra.<\/p>\n<p class=\"align-justify\">Se observa una adherencia, es decir, <strong>los labios menores de la vulva \u201cpegados\u201d<\/strong> y a\u00fan no se conoce la causa por la que esto ocurre, incluso cuando la ni\u00f1a ha nacido con su genital sin ning\u00fan problema. Lo que s\u00ed afirman los especialistas es que el problema se debe a la baja producci\u00f3n de estr\u00f3genos, lo que dificulta especialmente la cicatrizaci\u00f3n local.<\/p>\n<p class=\"align-justify\">El <strong>roce con el pa\u00f1al o con una simple braguita, la higiene inadecuada<\/strong>, dermatitis<a class=\"jumpToggle\" data-jumpto=\"source2\"><sup>2<\/sup><\/a> en la zona e incluso traumatismos pueden provocar alguna peque\u00f1a lesi\u00f3n o herida que, debido a la baja cicatrizaci\u00f3n por la falta de la hormona, termina generando la adherencia y se produce la sinequia vaginal. No hay reportes de que la sinequia vaginal cause una adherencia total de la vagina, cerrando completamente el orificio; en todos los casos se preserva el peque\u00f1o orificio para el paso de la orina. Sin embargo, puede ser motivo de <strong>infecciones urinarias, irritaci\u00f3n y <a href=\"https:\/\/www.famivita.com.br\/conteudo\/es\/picor-vagina-causas-tratamientos\/\">picor<\/a><\/strong> o incluso que se observe residuo de orina en la braguita o en el pa\u00f1al, que quedan alojados en rincones de la adherencia y pueden causar mal olor en la zona.<\/p>\n<h2>\u00bfC\u00f3mo tratar la sinequia vaginal?<\/h2>\n<p class=\"align-justify\">El tratamiento es sencillo, pero debe realizarse de forma rigurosa y con seguimiento m\u00e9dico para lograr el resultado esperado. Se indica el uso de <strong>pomadas y cremas a base de la hormona<\/strong> en baja producci\u00f3n, el estr\u00f3geno. El uso correcto y bajo indicaci\u00f3n de la pomada har\u00e1 que los labios se separen naturalmente y el problema se solucione. Recordando que, al tratarse de una pomada basada en hormonas, debe administrarse con mucho cuidado, pues su mal uso o <strong>uso excesivo puede provocar una pubertad precoz, haciendo que aparezca vello genital<\/strong> en la ni\u00f1a y oscurecimiento de la zona<a class=\"jumpToggle\" data-jumpto=\"source3\"><sup>3<\/sup><\/a>.<\/p>\n<p class=\"align-justify\">Si la pomada se utiliza menos tiempo de lo indicado por el pediatra, aunque el problema de la sinequia vaginal se solucione, puede volver a aparecer, por lo tanto la dosis y la cantidad de d\u00edas de uso deben respetarse rigurosamente. En casos muy extremos, donde la salud de la ni\u00f1a est\u00e9 en riesgo, se aconseja la realizaci\u00f3n de una cirug\u00eda. Pero solo en casos severos, ya que en la mayor\u00eda de los casos despu\u00e9s de la cirug\u00eda, el traumatismo se incrementa a\u00fan m\u00e1s y se forma una sinequia vaginal con cicatriz, m\u00e1s gruesa y evidente.<\/p>\n<p class=\"align-justify\">Obviamente, sea cual sea el tratamiento, debe ser realizado bajo la indicaci\u00f3n del pediatra o especialista consultado, quien evaluar\u00e1 el caso e indicar\u00e1 el mejor tratamiento en cada situaci\u00f3n. Aprovechamos para alertar que <strong>los ginec\u00f3logos no solo atienden a mujeres y adolescentes con vida sexual activa<\/strong>, este tipo de especialista puede ser consultado por ni\u00f1as desde una edad temprana.<\/p>\n<p class=\"align-justify\">Vea tambi\u00e9n: <a href=\"https:\/\/www.famivita.com.br\/conteudo\/es\/fimosis-infantil-solucionarla\/\" target=\"_self\" rel=\"noopener noreferrer\">Fimosis infantil \u2013 \u00bfC\u00f3mo solucionarla?<\/a><\/p>\n<p class=\"align-justify\">Foto: Mateus Andr\u00e9, Eline Luz<\/p>\n","protected":false},"excerpt":{"rendered":"<p>La sinequia vaginal ocurre con m\u00e1s frecuencia de lo que imaginamos y el problema puede resolverse f\u00e1cilmente.<\/p>\n","protected":false},"author":471417,"featured_media":6521,"comment_status":"open","ping_status":"closed","sticky":false,"template":"","format":"standard","meta":{"_acf_changed":false,"inline_featured_image":false,"footnotes":""},"categories":[1021,1022],"tags":[1393,890,847,816],"class_list":["post-6519","post","type-post","status-publish","format-standard","has-post-thumbnail","hentry","category-bebe-recien-nacido","category-salud-bebe-recien-nacido","tag-en","tag-nina","tag-problemas","tag-sintomas"],"acf":[],"yoast_head":"<!-- This site is optimized with the Yoast SEO plugin v27.2 - https:\/\/yoast.com\/product\/yoast-seo-wordpress\/ -->\n<title>Sin\u00e9quias vaginales \u2013 \u00bfC\u00f3mo saber si mi hija las tiene? | Famivita<\/title>\n<meta name=\"robots\" content=\"index, follow, max-snippet:-1, max-image-preview:large, max-video-preview:-1\" \/>\n<link rel=\"canonical\" href=\"https:\/\/www.famivita.com.br\/conteudo\/es-dev\/sinequias-vaginales-saber-si-hija\/\" \/>\n<meta property=\"og:locale\" content=\"es_ES\" \/>\n<meta property=\"og:type\" content=\"article\" \/>\n<meta property=\"og:title\" content=\"Sin\u00e9quias vaginales \u2013 \u00bfC\u00f3mo saber si mi hija las tiene? | Famivita\" \/>\n<meta property=\"og:description\" content=\"La sinequia vaginal ocurre con m\u00e1s frecuencia de lo que imaginamos y el problema puede resolverse f\u00e1cilmente.\" \/>\n<meta property=\"og:url\" content=\"https:\/\/www.famivita.com.br\/conteudo\/es-dev\/sinequias-vaginales-saber-si-hija\/\" \/>\n<meta property=\"og:site_name\" content=\"Famivita\" \/>\n<meta property=\"article:published_time\" content=\"2014-12-13T13:00:01+00:00\" \/>\n<meta property=\"article:modified_time\" content=\"2025-07-16T11:00:10+00:00\" \/>\n<meta property=\"og:image\" content=\"https:\/\/www.famivita.com.br\/conteudo\/es-dev\/wp-content\/uploads\/sinequia-vaginal-2.jpg\" \/>\n\t<meta property=\"og:image:width\" content=\"427\" \/>\n\t<meta property=\"og:image:height\" content=\"640\" \/>\n\t<meta property=\"og:image:type\" content=\"image\/jpeg\" \/>\n<meta name=\"author\" content=\"Dra. Kelly Alessandra\" \/>\n<meta name=\"twitter:card\" content=\"summary_large_image\" \/>\n<script type=\"application\/ld+json\" class=\"yoast-schema-graph\">{\"@context\":\"https:\/\/schema.org\",\"@graph\":[{\"@type\":\"Article\",\"@id\":\"https:\/\/www.famivita.com.br\/conteudo\/es-dev\/sinequias-vaginales-saber-si-hija\/#article\",\"isPartOf\":{\"@id\":\"https:\/\/www.famivita.com.br\/conteudo\/es-dev\/sinequias-vaginales-saber-si-hija\/\"},\"author\":{\"name\":\"Dra. Kelly Alessandra\",\"@id\":\"https:\/\/www.famivita.com.br\/conteudo\/es\/#\/schema\/person\/712edba0f829da19cf1088df80fd43aa\"},\"headline\":\"Sin\u00e9quias vaginales \u2013 \u00bfC\u00f3mo saber si mi hija las tiene?\",\"datePublished\":\"2014-12-13T13:00:01+00:00\",\"dateModified\":\"2025-07-16T11:00:10+00:00\",\"mainEntityOfPage\":{\"@id\":\"https:\/\/www.famivita.com.br\/conteudo\/es-dev\/sinequias-vaginales-saber-si-hija\/\"},\"wordCount\":571,\"commentCount\":54,\"image\":{\"@id\":\"https:\/\/www.famivita.com.br\/conteudo\/es-dev\/sinequias-vaginales-saber-si-hija\/#primaryimage\"},\"thumbnailUrl\":\"https:\/\/www.famivita.com.br\/conteudo\/es\/wp-content\/uploads\/sinequia-vaginal-2.jpg\",\"keywords\":[\"en\",\"ni\u00f1a\",\"problemas\",\"s\u00edntomas\"],\"articleSection\":[\"Beb\u00e9 y Reci\u00e9n Nacido\",\"Salud del Beb\u00e9 y Reci\u00e9n Nacido\"],\"inLanguage\":\"es\",\"potentialAction\":[{\"@type\":\"CommentAction\",\"name\":\"Comment\",\"target\":[\"https:\/\/www.famivita.com.br\/conteudo\/es-dev\/sinequias-vaginales-saber-si-hija\/#respond\"]}]},{\"@type\":\"WebPage\",\"@id\":\"https:\/\/www.famivita.com.br\/conteudo\/es-dev\/sinequias-vaginales-saber-si-hija\/\",\"url\":\"https:\/\/www.famivita.com.br\/conteudo\/es-dev\/sinequias-vaginales-saber-si-hija\/\",\"name\":\"Sin\u00e9quias vaginales \u2013 \u00bfC\u00f3mo saber si mi hija las tiene? | Famivita\",\"isPartOf\":{\"@id\":\"https:\/\/www.famivita.com.br\/conteudo\/es\/#website\",\"sameAs\":[\"https:\/\/www.instagram.com\/famivita\/\",\"https:\/\/www.facebook.com\/famivita\/\",\"https:\/\/www.youtube.com\/user\/trocandofraldasyt\",\"https:\/\/api.whatsapp.com\/send\/?phone=5511917837433\"]},\"primaryImageOfPage\":{\"@id\":\"https:\/\/www.famivita.com.br\/conteudo\/es-dev\/sinequias-vaginales-saber-si-hija\/#primaryimage\"},\"image\":{\"@id\":\"https:\/\/www.famivita.com.br\/conteudo\/es-dev\/sinequias-vaginales-saber-si-hija\/#primaryimage\"},\"thumbnailUrl\":\"https:\/\/www.famivita.com.br\/conteudo\/es\/wp-content\/uploads\/sinequia-vaginal-2.jpg\",\"datePublished\":\"2014-12-13T13:00:01+00:00\",\"dateModified\":\"2025-07-16T11:00:10+00:00\",\"author\":{\"@id\":\"https:\/\/www.famivita.com.br\/conteudo\/es\/#\/schema\/person\/712edba0f829da19cf1088df80fd43aa\"},\"breadcrumb\":{\"@id\":\"https:\/\/www.famivita.com.br\/conteudo\/es-dev\/sinequias-vaginales-saber-si-hija\/#breadcrumb\"},\"inLanguage\":\"es\",\"potentialAction\":[{\"@type\":\"ReadAction\",\"target\":[\"https:\/\/www.famivita.com.br\/conteudo\/es-dev\/sinequias-vaginales-saber-si-hija\/\"]}],\"about\":{\"@type\":\"Organization\",\"@id\":\"https:\/\/www.famivita.com.br\/#organization\",\"name\":\"Famivita\",\"logo\":\"https:\/\/www.famivita.com.br\/wp-content\/themes\/storefront-child\/header_footer_html\/images\/logo_mobile2.svg\",\"url\":\"https:\/\/www.famivita.com.br\/\",\"address\":{\"@type\":\"PostalAddress\",\"streetAddress\":\"Rua Benedito Fernandes, 545, Santo Amaro\",\"addressLocality\":\"S\u00e3o Paulo\",\"addressRegion\":\"S\u00e3o Paulo\",\"postalCode\":\"04746-110\",\"addressCountry\":{\"@type\":\"Country\",\"name\":\"BR\"}}}},{\"@type\":\"ImageObject\",\"inLanguage\":\"es\",\"@id\":\"https:\/\/www.famivita.com.br\/conteudo\/es-dev\/sinequias-vaginales-saber-si-hija\/#primaryimage\",\"url\":\"https:\/\/www.famivita.com.br\/conteudo\/es\/wp-content\/uploads\/sinequia-vaginal-2.jpg\",\"contentUrl\":\"https:\/\/www.famivita.com.br\/conteudo\/es\/wp-content\/uploads\/sinequia-vaginal-2.jpg\",\"width\":427,\"height\":640},{\"@type\":\"BreadcrumbList\",\"@id\":\"https:\/\/www.famivita.com.br\/conteudo\/es-dev\/sinequias-vaginales-saber-si-hija\/#breadcrumb\",\"itemListElement\":[{\"@type\":\"ListItem\",\"position\":1,\"name\":\"In\u00edcio\",\"item\":\"https:\/\/www.famivita.com.br\/conteudo\/es\/\"},{\"@type\":\"ListItem\",\"position\":2,\"name\":\"Beb\u00e9 y Reci\u00e9n Nacido\",\"item\":\"https:\/\/www.famivita.com.br\/conteudo\/es-dev\/categoria\/bebe-recien-nacido\/\"},{\"@type\":\"ListItem\",\"position\":3,\"name\":\"Salud del Beb\u00e9 y Reci\u00e9n Nacido\",\"item\":\"https:\/\/www.famivita.com.br\/conteudo\/es-dev\/categoria\/salud-bebe-recien-nacido\/\"},{\"@type\":\"ListItem\",\"position\":4,\"name\":\"Sin\u00e9quias vaginales \u2013 \u00bfC\u00f3mo saber si mi hija las tiene?\"}]},{\"@type\":\"WebSite\",\"@id\":\"https:\/\/www.famivita.com.br\/conteudo\/es\/#website\",\"url\":\"https:\/\/www.famivita.com.br\/conteudo\/es\/\",\"name\":\"Famivita\",\"description\":\"\",\"potentialAction\":[{\"@type\":\"SearchAction\",\"target\":{\"@type\":\"EntryPoint\",\"urlTemplate\":\"https:\/\/www.famivita.com.br\/conteudo\/es\/?s={search_term_string}\"},\"query-input\":{\"@type\":\"PropertyValueSpecification\",\"valueRequired\":true,\"valueName\":\"search_term_string\"}}],\"inLanguage\":\"es\"},{\"@type\":\"Person\",\"@id\":\"https:\/\/www.famivita.com.br\/conteudo\/es\/#\/schema\/person\/712edba0f829da19cf1088df80fd43aa\",\"name\":\"Dra. Kelly Alessandra\",\"image\":{\"@type\":\"ImageObject\",\"inLanguage\":\"es\",\"@id\":\"https:\/\/secure.gravatar.com\/avatar\/3311860a0126ce25d5415f41175ca1618d9c9f2bfa9faf43c4b813b0edf8bca3?s=96&d=mm&r=g\",\"url\":\"https:\/\/www.famivita.com.br\/conteudo\/wp-content\/uploads\/2022\/08\/dra-kelly-alessandra-da-silva-top.jpg\",\"contentUrl\":\"https:\/\/www.famivita.com.br\/conteudo\/wp-content\/uploads\/2022\/08\/dra-kelly-alessandra-da-silva-top.jpg\",\"caption\":\"Dra. Kelly Alessandra\"},\"description\":\"Graduada en Medicina por la Faculdade de Medicina do ABC (FMABC). Realiz\u00f3 la Residencia M\u00e9dica en Ginecolog\u00eda y Obstetricia en la FMABC. Posee el t\u00edtulo de Especialista en Ginecolog\u00eda y Obstetricia por la Federaci\u00f3n Brasile\u00f1a de Sociedades de Ginecolog\u00eda y Obstetricia (FEBRASGO) y un posgrado en Nutrolog\u00eda por la Associa\u00e7\u00e3o Brasileira de Nutrologia (ABRAN). Adem\u00e1s, cuenta con un M\u00e1ster en Ciencias de la Salud por la FMABC y el Certificado de Actuaci\u00f3n en Endoscopia Ginecol\u00f3gica por la FEBRASGO\/AMB.\",\"url\":\"https:\/\/www.famivita.com.br\/conteudo\/es\/author\/dra-kelly-alessandra-da-silva-tavares\/\"}]}<\/script>\n<!-- \/ Yoast SEO plugin. -->","yoast_head_json":{"title":"Sin\u00e9quias vaginales \u2013 \u00bfC\u00f3mo saber si mi hija las tiene? | Famivita","robots":{"index":"index","follow":"follow","max-snippet":"max-snippet:-1","max-image-preview":"max-image-preview:large","max-video-preview":"max-video-preview:-1"},"canonical":"https:\/\/www.famivita.com.br\/conteudo\/es-dev\/sinequias-vaginales-saber-si-hija\/","og_locale":"es_ES","og_type":"article","og_title":"Sin\u00e9quias vaginales \u2013 \u00bfC\u00f3mo saber si mi hija las tiene? | Famivita","og_description":"La sinequia vaginal ocurre con m\u00e1s frecuencia de lo que imaginamos y el problema puede resolverse f\u00e1cilmente.","og_url":"https:\/\/www.famivita.com.br\/conteudo\/es-dev\/sinequias-vaginales-saber-si-hija\/","og_site_name":"Famivita","article_published_time":"2014-12-13T13:00:01+00:00","article_modified_time":"2025-07-16T11:00:10+00:00","og_image":[{"width":427,"height":640,"url":"https:\/\/www.famivita.com.br\/conteudo\/es-dev\/wp-content\/uploads\/sinequia-vaginal-2.jpg","type":"image\/jpeg"}],"author":"Dra. Kelly Alessandra","twitter_card":"summary_large_image","schema":{"@context":"https:\/\/schema.org","@graph":[{"@type":"Article","@id":"https:\/\/www.famivita.com.br\/conteudo\/es-dev\/sinequias-vaginales-saber-si-hija\/#article","isPartOf":{"@id":"https:\/\/www.famivita.com.br\/conteudo\/es-dev\/sinequias-vaginales-saber-si-hija\/"},"author":{"name":"Dra. Kelly Alessandra","@id":"https:\/\/www.famivita.com.br\/conteudo\/es\/#\/schema\/person\/712edba0f829da19cf1088df80fd43aa"},"headline":"Sin\u00e9quias vaginales \u2013 \u00bfC\u00f3mo saber si mi hija las tiene?","datePublished":"2014-12-13T13:00:01+00:00","dateModified":"2025-07-16T11:00:10+00:00","mainEntityOfPage":{"@id":"https:\/\/www.famivita.com.br\/conteudo\/es-dev\/sinequias-vaginales-saber-si-hija\/"},"wordCount":571,"commentCount":54,"image":{"@id":"https:\/\/www.famivita.com.br\/conteudo\/es-dev\/sinequias-vaginales-saber-si-hija\/#primaryimage"},"thumbnailUrl":"https:\/\/www.famivita.com.br\/conteudo\/es\/wp-content\/uploads\/sinequia-vaginal-2.jpg","keywords":["en","ni\u00f1a","problemas","s\u00edntomas"],"articleSection":["Beb\u00e9 y Reci\u00e9n Nacido","Salud del Beb\u00e9 y Reci\u00e9n Nacido"],"inLanguage":"es","potentialAction":[{"@type":"CommentAction","name":"Comment","target":["https:\/\/www.famivita.com.br\/conteudo\/es-dev\/sinequias-vaginales-saber-si-hija\/#respond"]}]},{"@type":"WebPage","@id":"https:\/\/www.famivita.com.br\/conteudo\/es-dev\/sinequias-vaginales-saber-si-hija\/","url":"https:\/\/www.famivita.com.br\/conteudo\/es-dev\/sinequias-vaginales-saber-si-hija\/","name":"Sin\u00e9quias vaginales \u2013 \u00bfC\u00f3mo saber si mi hija las tiene? | Famivita","isPartOf":{"@id":"https:\/\/www.famivita.com.br\/conteudo\/es\/#website","sameAs":["https:\/\/www.instagram.com\/famivita\/","https:\/\/www.facebook.com\/famivita\/","https:\/\/www.youtube.com\/user\/trocandofraldasyt","https:\/\/api.whatsapp.com\/send\/?phone=5511917837433"]},"primaryImageOfPage":{"@id":"https:\/\/www.famivita.com.br\/conteudo\/es-dev\/sinequias-vaginales-saber-si-hija\/#primaryimage"},"image":{"@id":"https:\/\/www.famivita.com.br\/conteudo\/es-dev\/sinequias-vaginales-saber-si-hija\/#primaryimage"},"thumbnailUrl":"https:\/\/www.famivita.com.br\/conteudo\/es\/wp-content\/uploads\/sinequia-vaginal-2.jpg","datePublished":"2014-12-13T13:00:01+00:00","dateModified":"2025-07-16T11:00:10+00:00","author":{"@id":"https:\/\/www.famivita.com.br\/conteudo\/es\/#\/schema\/person\/712edba0f829da19cf1088df80fd43aa"},"breadcrumb":{"@id":"https:\/\/www.famivita.com.br\/conteudo\/es-dev\/sinequias-vaginales-saber-si-hija\/#breadcrumb"},"inLanguage":"es","potentialAction":[{"@type":"ReadAction","target":["https:\/\/www.famivita.com.br\/conteudo\/es-dev\/sinequias-vaginales-saber-si-hija\/"]}],"about":{"@type":"Organization","@id":"https:\/\/www.famivita.com.br\/#organization","name":"Famivita","logo":"https:\/\/www.famivita.com.br\/wp-content\/themes\/storefront-child\/header_footer_html\/images\/logo_mobile2.svg","url":"https:\/\/www.famivita.com.br\/","address":{"@type":"PostalAddress","streetAddress":"Rua Benedito Fernandes, 545, Santo Amaro","addressLocality":"S\u00e3o Paulo","addressRegion":"S\u00e3o Paulo","postalCode":"04746-110","addressCountry":{"@type":"Country","name":"BR"}}}},{"@type":"ImageObject","inLanguage":"es","@id":"https:\/\/www.famivita.com.br\/conteudo\/es-dev\/sinequias-vaginales-saber-si-hija\/#primaryimage","url":"https:\/\/www.famivita.com.br\/conteudo\/es\/wp-content\/uploads\/sinequia-vaginal-2.jpg","contentUrl":"https:\/\/www.famivita.com.br\/conteudo\/es\/wp-content\/uploads\/sinequia-vaginal-2.jpg","width":427,"height":640},{"@type":"BreadcrumbList","@id":"https:\/\/www.famivita.com.br\/conteudo\/es-dev\/sinequias-vaginales-saber-si-hija\/#breadcrumb","itemListElement":[{"@type":"ListItem","position":1,"name":"In\u00edcio","item":"https:\/\/www.famivita.com.br\/conteudo\/es\/"},{"@type":"ListItem","position":2,"name":"Beb\u00e9 y Reci\u00e9n Nacido","item":"https:\/\/www.famivita.com.br\/conteudo\/es-dev\/categoria\/bebe-recien-nacido\/"},{"@type":"ListItem","position":3,"name":"Salud del Beb\u00e9 y Reci\u00e9n Nacido","item":"https:\/\/www.famivita.com.br\/conteudo\/es-dev\/categoria\/salud-bebe-recien-nacido\/"},{"@type":"ListItem","position":4,"name":"Sin\u00e9quias vaginales \u2013 \u00bfC\u00f3mo saber si mi hija las tiene?"}]},{"@type":"WebSite","@id":"https:\/\/www.famivita.com.br\/conteudo\/es\/#website","url":"https:\/\/www.famivita.com.br\/conteudo\/es\/","name":"Famivita","description":"","potentialAction":[{"@type":"SearchAction","target":{"@type":"EntryPoint","urlTemplate":"https:\/\/www.famivita.com.br\/conteudo\/es\/?s={search_term_string}"},"query-input":{"@type":"PropertyValueSpecification","valueRequired":true,"valueName":"search_term_string"}}],"inLanguage":"es"},{"@type":"Person","@id":"https:\/\/www.famivita.com.br\/conteudo\/es\/#\/schema\/person\/712edba0f829da19cf1088df80fd43aa","name":"Dra. Kelly Alessandra","image":{"@type":"ImageObject","inLanguage":"es","@id":"https:\/\/secure.gravatar.com\/avatar\/3311860a0126ce25d5415f41175ca1618d9c9f2bfa9faf43c4b813b0edf8bca3?s=96&d=mm&r=g","url":"https:\/\/www.famivita.com.br\/conteudo\/wp-content\/uploads\/2022\/08\/dra-kelly-alessandra-da-silva-top.jpg","contentUrl":"https:\/\/www.famivita.com.br\/conteudo\/wp-content\/uploads\/2022\/08\/dra-kelly-alessandra-da-silva-top.jpg","caption":"Dra. Kelly Alessandra"},"description":"Graduada en Medicina por la Faculdade de Medicina do ABC (FMABC). Realiz\u00f3 la Residencia M\u00e9dica en Ginecolog\u00eda y Obstetricia en la FMABC. Posee el t\u00edtulo de Especialista en Ginecolog\u00eda y Obstetricia por la Federaci\u00f3n Brasile\u00f1a de Sociedades de Ginecolog\u00eda y Obstetricia (FEBRASGO) y un posgrado en Nutrolog\u00eda por la Associa\u00e7\u00e3o Brasileira de Nutrologia (ABRAN). Adem\u00e1s, cuenta con un M\u00e1ster en Ciencias de la Salud por la FMABC y el Certificado de Actuaci\u00f3n en Endoscopia Ginecol\u00f3gica por la FEBRASGO\/AMB.","url":"https:\/\/www.famivita.com.br\/conteudo\/es\/author\/dra-kelly-alessandra-da-silva-tavares\/"}]}},"_links":{"self":[{"href":"https:\/\/www.famivita.com.br\/conteudo\/es\/wp-json\/wp\/v2\/posts\/6519","targetHints":{"allow":["GET"]}}],"collection":[{"href":"https:\/\/www.famivita.com.br\/conteudo\/es\/wp-json\/wp\/v2\/posts"}],"about":[{"href":"https:\/\/www.famivita.com.br\/conteudo\/es\/wp-json\/wp\/v2\/types\/post"}],"author":[{"embeddable":true,"href":"https:\/\/www.famivita.com.br\/conteudo\/es\/wp-json\/wp\/v2\/users\/471417"}],"replies":[{"embeddable":true,"href":"https:\/\/www.famivita.com.br\/conteudo\/es\/wp-json\/wp\/v2\/comments?post=6519"}],"version-history":[{"count":10,"href":"https:\/\/www.famivita.com.br\/conteudo\/es\/wp-json\/wp\/v2\/posts\/6519\/revisions"}],"predecessor-version":[{"id":162112,"href":"https:\/\/www.famivita.com.br\/conteudo\/es\/wp-json\/wp\/v2\/posts\/6519\/revisions\/162112"}],"wp:featuredmedia":[{"embeddable":true,"href":"https:\/\/www.famivita.com.br\/conteudo\/es\/wp-json\/wp\/v2\/media\/6521"}],"wp:attachment":[{"href":"https:\/\/www.famivita.com.br\/conteudo\/es\/wp-json\/wp\/v2\/media?parent=6519"}],"wp:term":[{"taxonomy":"category","embeddable":true,"href":"https:\/\/www.famivita.com.br\/conteudo\/es\/wp-json\/wp\/v2\/categories?post=6519"},{"taxonomy":"post_tag","embeddable":true,"href":"https:\/\/www.famivita.com.br\/conteudo\/es\/wp-json\/wp\/v2\/tags?post=6519"}],"curies":[{"name":"wp","href":"https:\/\/api.w.org\/{rel}","templated":true}]}}